{"id":4048,"date":"2023-03-17T16:14:33","date_gmt":"2023-03-17T15:14:33","guid":{"rendered":"https:\/\/www.velosuisse.ch\/?p=4048"},"modified":"2023-03-17T23:55:24","modified_gmt":"2023-03-17T22:55:24","slug":"neuverkaeufe-2022","status":"publish","type":"post","link":"https:\/\/www.velosuisse.ch\/fr\/neuverkaeufe-2022\/","title":{"rendered":"Vente neufs 2022"},"content":{"rendered":"[et_pb_section fb_built=&#8220;1&#8243; _builder_version=&#8220;4.16&#8243; global_colors_info=&#8220;{}&#8220; theme_builder_area=&#8220;post_content&#8220;][et_pb_row _builder_version=&#8220;4.16&#8243; background_size=&#8220;initial&#8220; background_position=&#8220;top_left&#8220; background_repeat=&#8220;repeat&#8220; global_colors_info=&#8220;{}&#8220; theme_builder_area=&#8220;post_content&#8220;][et_pb_column type=&#8220;4_4&#8243; _builder_version=&#8220;4.16&#8243; custom_padding=&#8220;|||&#8220; global_colors_info=&#8220;{}&#8220; custom_padding__hover=&#8220;|||&#8220; theme_builder_area=&#8220;post_content&#8220;][et_pb_button button_url=&#8220;https:\/\/www.velosuisse.ch\/wp-content\/uploads\/2023\/03\/Fahrrad-Neuverkaufe_2022.pdf&#8220; url_new_window=&#8220;on&#8220; button_text=&#8220;Statstik: Neuverk\u00e4ufe 2022 als PDF herunterladen&#8220; button_alignment=&#8220;center&#8220; _builder_version=&#8220;4.20.2&#8243; _module_preset=&#8220;default&#8220; custom_margin=&#8220;||72px||false|false&#8220; hover_enabled=&#8220;0&#8243; box_shadow_style=&#8220;preset1&#8243; global_colors_info=&#8220;{}&#8220; theme_builder_area=&#8220;post_content&#8220; sticky_enabled=&#8220;0&#8243;][\/et_pb_button][et_pb_text _builder_version=&#8220;4.16&#8243; background_size=&#8220;initial&#8220; background_position=&#8220;top_left&#8220; background_repeat=&#8220;repeat&#8220; global_colors_info=&#8220;{}&#8220; theme_builder_area=&#8220;post_content&#8220;]<!-- divi:heading -->\n<h2><\/h2>\n<h2><strong>Die Fahrradlager sind wieder voll<\/strong><\/h2>\n<p><!-- \/wp:post-content --><\/p>\n<p><!-- wp:paragraph --><\/p>\n<p><strong>2022 konnten die coronabedingten Lieferr\u00fcckst\u00e4nde endlich ausgeglichen werden. Das verschaffte vor allem den E-Bike-Anlieferungen nochmals ein sattes Plus von 17 Prozent auf das neue Rekordhoch von 218730 St\u00fcck. Gegen\u00fcber dem Vorjahr schrumpfte der gesamte Velomarkt st\u00fcckzahlm\u00e4ssig jedoch zum zweiten Mal in Folge um 2 Prozent (2021 -1,5 Prozent) auf 483562 Einheiten. Erneut ging die Reduktion vollumf\u00e4nglich auf Kosten des reinen Muskelfahrrads. Bald ist jedes zweite verkaufte Fahrrad ein E-Bike.\u200b<\/strong><\/p>\n<p><!-- \/wp:paragraph --><\/p>\n<p><!-- wp:paragraph --><\/p>\n<p>(SFVE) Zur Erinnerung die Entwicklung des Fahrradmarktes in den letzten 24 Monaten: Die Dynamik, die sich nach dem Rekordjahr 2020 auch noch in den Halbjahreszahlen 2021 fortgesetzt hatte, flachte bedingt durch Lieferschwierigkeiten im weiteren Verlauf des Jahres ab. Konnten in den ersten sechs Monaten ein Plus von 16,5 Prozent bei den E-Bikes und bei den Fahrr\u00e4dern 8,9 Prozent mehr Verk\u00e4ufe registriert werden, sanken die Zuwachsraten bis Ende des Jahres auf 9,4 Prozent bei den E-Bikes. Bei den Fahrr\u00e4dern drehten die Zahlen sogar ins Minus (-7,4 Prozent) auf 306524 St\u00fcck.<\/p>\n<p><!-- \/wp:paragraph --><\/p>\n<p><!-- wp:paragraph --><\/p>\n<p>2022 begann im ersten Halbjahr ebenfalls verhalten. Ab Mitte Jahr normalisierte sich die Marktsituation dann aber zusehends und die Bestellr\u00fcckst\u00e4nde wurden teilweise lawinenartig ausgeglichen. Bis Ende Jahr wurden 218730 E-Bikes in den Markt geliefert, was ein Plus von 17 Prozent gegen\u00fcber 2021 bedeutet. Nicht ganz so rosig sieht`s bei den rein muskelgetriebenen Fahrr\u00e4dern aus, von denen 264832 St\u00fcck ausgeliefert wurden. Damit steht das Verkaufsverh\u00e4ltnis Velo zu E-Bike in der Schweiz nun bei 55 zu 45 Prozent. Es ist abzusehen, dass bald jedes zweite verkaufte Fahrrad ein E-Bike sein wird.<\/p>\n<p><!-- \/wp:paragraph --><\/p>\n<p><!-- wp:paragraph --><\/p>\n<p>Was die Endkunden freuen d\u00fcrfte: Die Preise f\u00fcr Transport und Rohstoffe, die w\u00e4hrend der Coronazeit exorbitante Sph\u00e4ren erreichten, haben sich inzwischen wieder normalisiert. Das schl\u00e4gt auch auf die Fahrzeugpreise durch. Vor allem im Topsegment sind bereits deutliche Preiskorrekturen nach unten zu beobachten.<\/p>\n<p><!-- \/wp:paragraph --><\/p>\n<p><!-- wp:paragraph --><\/p>\n<p><strong>Das Fahrrad als Transportmittel<\/strong><\/p>\n<p><!-- \/wp:paragraph --><\/p>\n<p><!-- wp:paragraph --><\/p>\n<p>Innerhalb der verschiedenen Segmente zeigen sich teils markante Verschiebungen. Bei den Fahrr\u00e4dern f\u00e4llt der Run auf hochwertige Rennr\u00e4der und Gravelbikes auf. Letztere konnten die Verkaufszahl sogar mehr als verdoppeln, derweil die Verkaufszahlen bei den Mountainbikes teils deutlich sanken. Bei den E-Bikes hat sich die Verlagerung von E-MTB zum SUV-E-Bike bzw. Crossover-E-Bike (diese wurden erstmals in einer eigenen Kategorie erfasst) weiter akzentuiert. SUV-E-Bikes sind gefederte E-Mountainbikes mit kompletter Citybike-Ausr\u00fcstung (inkl. Schutzblechen und Gep\u00e4cktr\u00e4gern). Das f\u00fchrte nun erstmals dazu, dass weniger E-MTBs verkauft wurden als im Vorjahr. Auch bei den E-Rennr\u00e4dern und Gravel- E-Bikes flachte die Hausse des Vorjahrs wieder deutlich ab. Die vollausger\u00fcsteten City-E-Bikes konnten dagegen nochmals deutlich zulegen und machen nun mit knapp 70000 St\u00fccke den L\u00f6wenanteil im Bereich der Elektro-Freizeit-, City- und Alltagsfahrr\u00e4der aus.<\/p>\n<p><!-- \/wp:paragraph --><\/p>\n<p><!-- wp:paragraph --><\/p>\n<p>\u00dcber alle Produktegruppen betrachtet, l\u00e4sst sich eine Tendenz erkennen: Der Fahrrad-Boom, den die Schweiz w\u00e4hrend der Coronazeit erlebt hat, hallt nach. Er spiegelt sich im Kaufverhalten und damit auch in der Nutzung. Nach wie vor wird das Velo sehr gerne in der Freizeit genutzt. Immer mehr Leute entdecken es dank dem E-Bike aber auch als praktisches Transportmittel vorzugsweise in Stadt und Agglomeration. Studien haben gezeigt, dass die Strecken, die E-Bike-Fahrerinnen und -Fahrer zur\u00fccklegen, rund dreimal l\u00e4nger sind als die von Velofahrern. Auch die Nutzungsh\u00e4ufigkeit ist rund doppelt so hoch. Einer ad\u00e4quaten Veloinfrastruktur kommt deshalb k\u00fcnftig eine zentrale Bedeutung zu, sollen noch mehr Menschen vom klima- und ressourcenschonenden, gesundheitsf\u00f6rdernden und platzsparenden Verkehrsmittel profitieren. Velosuisse begr\u00fcsst es deshalb, dass anfangs 2023 endlich das Veloweggesetz in Kraft getreten ist.<\/p>\n<p><!-- \/wp:paragraph --><\/p>\n<p><!-- wp:paragraph --><\/p>\n<p>17. M\u00e4rz 2023<\/p>\n<p><!-- \/wp:paragraph --><\/p>\n<p>&nbsp;<\/p>\n<!-- \/divi:list -->[\/et_pb_text][\/et_pb_column][\/et_pb_row][\/et_pb_section]","protected":false},"excerpt":{"rendered":"<p>Die Fahrradlager sind wieder voll 2022 konnten die coronabedingten Lieferr\u00fcckst\u00e4nde endlich ausgeglichen werden. Das verschaffte vor allem den E-Bike-Anlieferungen nochmals ein sattes Plus von 17 Prozent auf das neue Rekordhoch von 218730 St\u00fcck. Gegen\u00fcber dem Vorjahr schrumpfte der gesamte Velomarkt st\u00fcckzahlm\u00e4ssig jedoch zum zweiten Mal in Folge um 2 Prozent (2021 -1,5 Prozent) auf 483562 [&hellip;]<\/p>\n","protected":false},"author":7,"featured_media":0,"comment_status":"open","ping_status":"closed","sticky":false,"template":"","format":"standard","meta":{"_acf_changed":false,"_et_pb_use_builder":"on","_et_pb_old_content":"<!-- wp:heading -->\r\n<h2><strong>Die Fahrradlager sind wieder voll<\/strong><\/h2>\r\n<!-- \/wp:heading --><!-- wp:paragraph -->\r\n<p><strong>2022 konnten die coronabedingten Lieferr\u00fcckst\u00e4nde endlich ausgeglichen werden. Das verschaffte vor allem den E-Bike-Anlieferungen nochmals ein sattes Plus von 17 Prozent auf das neue Rekordhoch von 218730 St\u00fcck. Gegen\u00fcber dem Vorjahr schrumpfte der gesamte Velomarkt st\u00fcckzahlm\u00e4ssig jedoch zum zweiten Mal in Folge um 2 Prozent (2021 -1,5 Prozent) auf 483562 Einheiten. Erneut ging die Reduktion vollumf\u00e4nglich auf Kosten des reinen Muskelfahrrads. Bald ist jedes zweite verkaufte Fahrrad ein E-Bike.\u200b<\/strong><\/p>\r\n<!-- \/wp:paragraph --><!-- wp:paragraph -->\r\n<p>(SFVE) Zur Erinnerung die Entwicklung des Fahrradmarktes in den letzten 24 Monaten: Die Dynamik, die sich nach dem Rekordjahr 2020 auch noch in den Halbjahreszahlen 2021 fortgesetzt hatte, flachte bedingt durch Lieferschwierigkeiten im weiteren Verlauf des Jahres ab. Konnten in den ersten sechs Monaten ein Plus von 16,5 Prozent bei den E-Bikes und bei den Fahrr\u00e4dern 8,9 Prozent mehr Verk\u00e4ufe registriert werden, sanken die Zuwachsraten bis Ende des Jahres auf 9,4 Prozent bei den E-Bikes. Bei den Fahrr\u00e4dern drehten die Zahlen sogar ins Minus (-7,4 Prozent) auf 306524 St\u00fcck.<\/p>\r\n<!-- \/wp:paragraph --><!-- wp:paragraph -->\r\n<p>2022 begann im ersten Halbjahr ebenfalls verhalten. Ab Mitte Jahr normalisierte sich die Marktsituation dann aber zusehends und die Bestellr\u00fcckst\u00e4nde wurden teilweise lawinenartig ausgeglichen. Bis Ende Jahr wurden 218730 E-Bikes in den Markt geliefert, was ein Plus von 17 Prozent gegen\u00fcber 2021 bedeutet. Nicht ganz so rosig sieht`s bei den rein muskelgetriebenen Fahrr\u00e4dern aus, von denen 264832 St\u00fcck ausgeliefert wurden. Damit steht das Verkaufsverh\u00e4ltnis Velo zu E-Bike in der Schweiz nun bei 55 zu 45 Prozent. Es ist abzusehen, dass bald jedes zweite verkaufte Fahrrad ein E-Bike sein wird.<\/p>\r\n<!-- \/wp:paragraph --><!-- wp:paragraph -->\r\n<p>Was die Endkunden freuen d\u00fcrfte: Die Preise f\u00fcr Transport und Rohstoffe, die w\u00e4hrend der Coronazeit exorbitante Sph\u00e4ren erreichten, haben sich inzwischen wieder normalisiert. Das schl\u00e4gt auch auf die Fahrzeugpreise durch. Vor allem im Topsegment sind bereits deutliche Preiskorrekturen nach unten zu beobachten.<\/p>\r\n<!-- \/wp:paragraph --><!-- wp:paragraph -->\r\n<p><strong>Das Fahrrad als Transportmittel<\/strong><\/p>\r\n<!-- \/wp:paragraph --><!-- wp:paragraph -->\r\n<p>Innerhalb der verschiedenen Segmente zeigen sich teils markante Verschiebungen. Bei den Fahrr\u00e4dern f\u00e4llt der Run auf hochwertige Rennr\u00e4der und Gravelbikes auf. Letztere konnten die Verkaufszahl sogar mehr als verdoppeln, derweil die Verkaufszahlen bei den Mountainbikes teils deutlich sanken. Bei den E-Bikes hat sich die Verlagerung von E-MTB zum SUV-E-Bike bzw. Crossover-E-Bike (diese wurden erstmals in einer eigenen Kategorie erfasst) weiter akzentuiert. SUV-E-Bikes sind gefederte E-Mountainbikes mit kompletter Citybike-Ausr\u00fcstung (inkl. Schutzblechen und Gep\u00e4cktr\u00e4gern). Das f\u00fchrte nun erstmals dazu, dass weniger E-MTBs verkauft wurden als im Vorjahr. Auch bei den E-Rennr\u00e4dern und Gravel- E-Bikes flachte die Hausse des Vorjahrs wieder deutlich ab. Die vollausger\u00fcsteten City-E-Bikes konnten dagegen nochmals deutlich zulegen und machen nun mit knapp 70000 St\u00fccke den L\u00f6wenanteil im Bereich der Elektro-Freizeit-, City- und Alltagsfahrr\u00e4der aus.<\/p>\r\n<!-- \/wp:paragraph --><!-- wp:paragraph -->\r\n<p>\u00dcber alle Produktegruppen betrachtet, l\u00e4sst sich eine Tendenz erkennen: Der Fahrrad-Boom, den die Schweiz w\u00e4hrend der Coronazeit erlebt hat, hallt nach. Er spiegelt sich im Kaufverhalten und damit auch in der Nutzung. Nach wie vor wird das Velo sehr gerne in der Freizeit genutzt. Immer mehr Leute entdecken es dank dem E-Bike aber auch als praktisches Transportmittel vorzugsweise in Stadt und Agglomeration. Studien haben gezeigt, dass die Strecken, die E-Bike-Fahrerinnen und -Fahrer zur\u00fccklegen, rund dreimal l\u00e4nger sind als die von Velofahrern. Auch die Nutzungsh\u00e4ufigkeit ist rund doppelt so hoch. Einer ad\u00e4quaten Veloinfrastruktur kommt deshalb k\u00fcnftig eine zentrale Bedeutung zu, sollen noch mehr Menschen vom klima- und ressourcenschonenden, gesundheitsf\u00f6rdernden und platzsparenden Verkehrsmittel profitieren. Velosuisse begr\u00fcsst es deshalb, dass anfangs 2023 endlich das Veloweggesetz in Kraft getreten ist.<\/p>\r\n<!-- \/wp:paragraph --><!-- wp:paragraph -->\r\n<p>17. M\u00e4rz 2023<\/p>\r\n<!-- \/wp:paragraph -->\r\n<p>\u00a0<\/p>","_et_gb_content_width":"","footnotes":""},"categories":[4,5],"tags":[],"class_list":["post-4048","post","type-post","status-publish","format-standard","hentry","category-news","category-statistik"],"acf":[],"_links":{"self":[{"href":"https:\/\/www.velosuisse.ch\/fr\/wp-json\/wp\/v2\/posts\/4048","targetHints":{"allow":["GET"]}}],"collection":[{"href":"https:\/\/www.velosuisse.ch\/fr\/wp-json\/wp\/v2\/posts"}],"about":[{"href":"https:\/\/www.velosuisse.ch\/fr\/wp-json\/wp\/v2\/types\/post"}],"author":[{"embeddable":true,"href":"https:\/\/www.velosuisse.ch\/fr\/wp-json\/wp\/v2\/users\/7"}],"replies":[{"embeddable":true,"href":"https:\/\/www.velosuisse.ch\/fr\/wp-json\/wp\/v2\/comments?post=4048"}],"version-history":[{"count":9,"href":"https:\/\/www.velosuisse.ch\/fr\/wp-json\/wp\/v2\/posts\/4048\/revisions"}],"predecessor-version":[{"id":4064,"href":"https:\/\/www.velosuisse.ch\/fr\/wp-json\/wp\/v2\/posts\/4048\/revisions\/4064"}],"wp:attachment":[{"href":"https:\/\/www.velosuisse.ch\/fr\/wp-json\/wp\/v2\/media?parent=4048"}],"wp:term":[{"taxonomy":"category","embeddable":true,"href":"https:\/\/www.velosuisse.ch\/fr\/wp-json\/wp\/v2\/categories?post=4048"},{"taxonomy":"post_tag","embeddable":true,"href":"https:\/\/www.velosuisse.ch\/fr\/wp-json\/wp\/v2\/tags?post=4048"}],"curies":[{"name":"wp","href":"https:\/\/api.w.org\/{rel}","templated":true}]}}